{"id":1782,"date":"2023-08-01T09:25:22","date_gmt":"2023-08-01T09:25:22","guid":{"rendered":"http:\/\/www.bakaadvent.com\/?p=1782"},"modified":"2023-08-01T09:25:22","modified_gmt":"2023-08-01T09:25:22","slug":"da-li-je-zdravo-da-djeca-nose-naocale-za-sunce","status":"publish","type":"post","link":"http:\/\/www.bakaadvent.com\/index.php\/2023\/08\/01\/da-li-je-zdravo-da-djeca-nose-naocale-za-sunce\/","title":{"rendered":"Da li je zdravo da djeca nose nao\u010dale za sunce?"},"content":{"rendered":"\n<p>Da, no\u0161enje nao\u010dala za sunce mo\u017ee biti zdravo i korisno za djecu. Evo nekoliko razloga za\u0161to je va\u017eno da djeca nose nao\u010dale za sunce:<\/p>\n\n\n\n<figure class=\"wp-block-image size-large is-resized\"><img loading=\"lazy\" decoding=\"async\" src=\"http:\/\/www.bakaadvent.com\/wp-content\/uploads\/2023\/08\/drink-g5a70e260b_1280-1024x678.jpg\" alt=\"\" class=\"wp-image-1783\" width=\"573\" height=\"379\" srcset=\"http:\/\/www.bakaadvent.com\/wp-content\/uploads\/2023\/08\/drink-g5a70e260b_1280-1024x678.jpg 1024w, http:\/\/www.bakaadvent.com\/wp-content\/uploads\/2023\/08\/drink-g5a70e260b_1280-300x199.jpg 300w, http:\/\/www.bakaadvent.com\/wp-content\/uploads\/2023\/08\/drink-g5a70e260b_1280-768x509.jpg 768w, http:\/\/www.bakaadvent.com\/wp-content\/uploads\/2023\/08\/drink-g5a70e260b_1280.jpg 1280w\" sizes=\"auto, (max-width: 573px) 100vw, 573px\" \/><\/figure>\n\n\n\n<ol class=\"wp-block-list\">\n<li>Za\u0161tita od UV zraka: Nao\u010dale za sunce opremljene su UV filtrom koji poma\u017ee blokirati \u0161tetne ultraljubi\u010daste (UV) zrake sunca. Dugotrajna izlo\u017eenost UV zrakama mo\u017ee pove\u0107ati rizik od o\u0161te\u0107enja o\u010diju, uklju\u010duju\u0107i kataraktu i makularnu degeneraciju.<\/li>\n\n\n\n<li>Za\u0161tita od sun\u010devog svjetla: Nao\u010dale za sunce \u0161tite o\u010di od jakog svjetla, \u0161to mo\u017ee uzrokovati naprezanje o\u010diju i nelagodu. Djeca mogu imati posebno osjetljive o\u010di na jaku svjetlost, pa no\u0161enje nao\u010dala mo\u017ee pomo\u0107i u smanjenju nelagode.<\/li>\n\n\n\n<li>Prevencija o\u010dnih bolesti: Redovito no\u0161enje nao\u010dala za sunce mo\u017ee pomo\u0107i u prevenciji dugoro\u010dnih o\u010dnih problema i bolesti uzrokovanih \u0161tetnim sun\u010devim zrakama.<\/li>\n\n\n\n<li>Za\u0161tita od ozljeda: Nao\u010dale za sunce tako\u0111er mogu pru\u017eiti za\u0161titu od pra\u0161ine, insekata i drugih sitnih \u010destica koje mogu uzrokovati nelagodu i ozljede o\u010diju.<\/li>\n<\/ol>\n\n\n\n<p>Me\u0111utim, va\u017eno je odabrati odgovaraju\u0107e nao\u010dale za sunce koje odgovaraju djetetovom uzrastu i imaju adekvatan UV za\u0161titni faktor. Potra\u017eite nao\u010dale koje imaju oznaku 100% UV za\u0161tite kako biste osigurali najvi\u0161u razinu za\u0161tite od \u0161tetnih sun\u010devih zraka.<\/p>\n\n\n\n<figure class=\"wp-block-image size-large is-resized\"><img loading=\"lazy\" decoding=\"async\" src=\"http:\/\/www.bakaadvent.com\/wp-content\/uploads\/2023\/08\/tourist-gc65cd22fc_1280-1024x698.jpg\" alt=\"\" class=\"wp-image-1784\" width=\"585\" height=\"398\" srcset=\"http:\/\/www.bakaadvent.com\/wp-content\/uploads\/2023\/08\/tourist-gc65cd22fc_1280-1024x698.jpg 1024w, http:\/\/www.bakaadvent.com\/wp-content\/uploads\/2023\/08\/tourist-gc65cd22fc_1280-300x204.jpg 300w, http:\/\/www.bakaadvent.com\/wp-content\/uploads\/2023\/08\/tourist-gc65cd22fc_1280-768x523.jpg 768w, http:\/\/www.bakaadvent.com\/wp-content\/uploads\/2023\/08\/tourist-gc65cd22fc_1280.jpg 1280w\" sizes=\"auto, (max-width: 585px) 100vw, 585px\" \/><\/figure>\n\n\n\n<p>Tako\u0111er, va\u017eno je nau\u010diti djecu da pravilno brinu o nao\u010dalama, \u010duvaju ih na sigurnom mjestu i redovito ih \u010diste kako bi im pru\u017eile najbolju za\u0161titu. Uz pravilnu njegu i odgovaraju\u0107i izbor, nao\u010dale za sunce mogu biti korisne za o\u010duvanje zdravlja dje\u010djih o\u010diju i udobnost tijekom sun\u010danih dana.<\/p>\n","protected":false},"excerpt":{"rendered":"<p>Da, no\u0161enje nao\u010dala za sunce mo\u017ee biti zdravo i korisno za djecu. Evo nekoliko razloga za\u0161to je va\u017eno da djeca nose nao\u010dale za sunce: Za\u0161tita od UV zraka: Nao\u010dale za sunce opremljene su UV filtrom&#8230;<\/p>\n","protected":false},"author":1,"featured_media":1785,"comment_status":"closed","ping_status":"open","sticky":false,"template":"","format":"standard","meta":{"footnotes":""},"categories":[24],"tags":[],"class_list":["post-1782","post","type-post","status-publish","format-standard","has-post-thumbnail","hentry","category-down"],"_links":{"self":[{"href":"http:\/\/www.bakaadvent.com\/index.php\/wp-json\/wp\/v2\/posts\/1782","targetHints":{"allow":["GET"]}}],"collection":[{"href":"http:\/\/www.bakaadvent.com\/index.php\/wp-json\/wp\/v2\/posts"}],"about":[{"href":"http:\/\/www.bakaadvent.com\/index.php\/wp-json\/wp\/v2\/types\/post"}],"author":[{"embeddable":true,"href":"http:\/\/www.bakaadvent.com\/index.php\/wp-json\/wp\/v2\/users\/1"}],"replies":[{"embeddable":true,"href":"http:\/\/www.bakaadvent.com\/index.php\/wp-json\/wp\/v2\/comments?post=1782"}],"version-history":[{"count":1,"href":"http:\/\/www.bakaadvent.com\/index.php\/wp-json\/wp\/v2\/posts\/1782\/revisions"}],"predecessor-version":[{"id":1786,"href":"http:\/\/www.bakaadvent.com\/index.php\/wp-json\/wp\/v2\/posts\/1782\/revisions\/1786"}],"wp:featuredmedia":[{"embeddable":true,"href":"http:\/\/www.bakaadvent.com\/index.php\/wp-json\/wp\/v2\/media\/1785"}],"wp:attachment":[{"href":"http:\/\/www.bakaadvent.com\/index.php\/wp-json\/wp\/v2\/media?parent=1782"}],"wp:term":[{"taxonomy":"category","embeddable":true,"href":"http:\/\/www.bakaadvent.com\/index.php\/wp-json\/wp\/v2\/categories?post=1782"},{"taxonomy":"post_tag","embeddable":true,"href":"http:\/\/www.bakaadvent.com\/index.php\/wp-json\/wp\/v2\/tags?post=1782"}],"curies":[{"name":"wp","href":"https:\/\/api.w.org\/{rel}","templated":true}]}}